{"id":85195,"date":"2012-03-14T10:26:19","date_gmt":"2012-03-14T14:56:19","guid":{"rendered":"http:\/\/www.moonmentum.com\/blog\/?p=85195"},"modified":"2012-03-14T10:26:17","modified_gmt":"2012-03-14T14:56:17","slug":"albert-einstein-una-mente-milagrosa","status":"publish","type":"post","link":"https:\/\/moonmentum.com\/blog\/efemerides\/semilla-de-la-semana\/albert-einstein-una-mente-milagrosa\/","title":{"rendered":"Albert Einstein, una mente milagrosa"},"content":{"rendered":"<p><a rel=\"attachment wp-att-85269\" href=\"http:\/\/www.moonmentum.com\/blog\/efemerides\/semilla-del-dia\/albert-einstein-una-mente-milagrosa\/attachment\/albert-einstein-semilla\/\"><img loading=\"lazy\" decoding=\"async\" class=\"alignnone size-full wp-image-85269 lazyload\" style=\"--smush-placeholder-width: 245px; --smush-placeholder-aspect-ratio: 245\/250;float: left; border-image: initial; margin: 6px; border: 0px initial initial;\" title=\"Albert Einstein - Semilla\" data-src=\"http:\/\/www.moonmentum.com\/blog\/wp-content\/uploads\/2012\/03\/albert-einstein-semilla.jpg\" alt=\"Albert Einstein - Semilla\" width=\"245\" height=\"250\" src=\"data:image\/gif;base64,R0lGODlhAQABAAAAACH5BAEKAAEALAAAAAABAAEAAAICTAEAOw==\" \/><noscript><img loading=\"lazy\" decoding=\"async\" class=\"alignnone size-full wp-image-85269\" style=\"float: left; border-image: initial; margin: 6px; border: 0px initial initial;\" title=\"Albert Einstein - Semilla\" src=\"http:\/\/www.moonmentum.com\/blog\/wp-content\/uploads\/2012\/03\/albert-einstein-semilla.jpg\" alt=\"Albert Einstein - Semilla\" width=\"245\" height=\"250\" \/><\/noscript><\/a>\u201cHay dos maneras de vivir su vida: una como si nada es un milagro, la otra es como si todo es un milagro\u201d<br \/>\n<strong>Albert Einstein<\/strong><\/p>\n<p><em>Cada d\u00eda hay en el Universo una estela dejada por la acci\u00f3n de otros seres humanos que al igual que nosotros buscaban la excelencia. Hoy esa\u00a0 estela o\u00a0 \u201c<\/em><a href=\"http:\/\/www.moonmentum.com\/category\/category\/category\/sextante\/semilla-del-dia\/\" target=\"_blank\"><em>semilla del d\u00eda<\/em><\/a><em>\u201d fue sembrada por\u2026<\/em> <strong> <\/strong><\/p>\n<p>Albert Einstein, f\u00edsico, premio Nobel de F\u00edsica en 1921.<\/p>\n<p>F\u00edsico\u00a0de origen\u00a0alem\u00e1n, nacionalizado posteriormente\u00a0suizo\u00a0y\u00a0estadounidense. Est\u00e1 considerado como el\u00a0cient\u00edfico\u00a0m\u00e1s importante del\u00a0siglo XX, adem\u00e1s de ser el m\u00e1s conocido.<!--more--><\/p>\n<p>En\u00a01905, cuando era un joven f\u00edsico desconocido y estaba empleado en la Oficina de Patentes de\u00a0Berna, en\u00a0Suiza, public\u00f3 su\u00a0teor\u00eda de la relatividad especial. En ella incorpor\u00f3, en un marco te\u00f3rico simple, fundamentado en postulados f\u00edsicos sencillos, conceptos y fen\u00f3menos estudiados anteriormente por\u00a0Henri Poincar\u00e9\u00a0y por Hendrik Lorentz. Probablemente, la ecuaci\u00f3n m\u00e1s conocida de la f\u00edsica a nivel popular, es la expresi\u00f3n matem\u00e1tica de la equivalencia masa-energ\u00eda,\u00a0E=mc\u00b2, deducida por \u00e9l como una consecuencia l\u00f3gica de esta teor\u00eda. Ese mismo a\u00f1o public\u00f3 otros trabajos que sentar\u00edan algunas de las bases de la\u00a0f\u00edsica estad\u00edstica\u00a0y la mec\u00e1nica cu\u00e1ntica.<\/p>\n<p>En\u00a01915\u00a0present\u00f3 la\u00a0teor\u00eda de la relatividad general, en la que reformul\u00f3 por completo el concepto de\u00a0gravedad.\u00a0Una de las consecuencias fue el surgimiento del estudio cient\u00edfico del origen y evoluci\u00f3n del\u00a0Universo\u00a0por la rama de la f\u00edsica denominada\u00a0cosmolog\u00eda. En 1919, cuando las observaciones brit\u00e1nicas de un\u00a0eclipse solar confirmaron sus predicciones acerca de la curvatura de la luz, fue idolatrado por la prensa.\u00a0Einstein se convirti\u00f3 en un icono popular de la ciencia mundialmente famosa, un privilegio al alcance de muy pocos cient\u00edficos.<\/p>\n<blockquote><p>Desde un comienzo, Albert demostr\u00f3 cierta dificultad para expresarse lo que parec\u00eda dar una falsa apariencia de alg\u00fan retardo que le provocar\u00eda muchos problemas a futuro.<\/p>\n<p>Albert curs\u00f3 sus estudios primarios en una escuela cat\u00f3lica; un periodo dif\u00edcil que sobrellevar\u00eda gracias a las clases de viol\u00edn que le dar\u00eda su madre y a la introducci\u00f3n al \u00e1lgebra que le descubrir\u00eda su t\u00edo Jacob. Su paso por el Gymnasium (instituto de bachillerato), sin embargo, no fue muy gratificante: la rigidez y la disciplina militar de los institutos de secundaria de la \u00e9poca de Bismarck le granjearon no pocas pol\u00e9micas con los profesores: \u00abtu sola presencia mina el respeto que me debe la clase\u00bb, le dijo uno de ellos en una ocasi\u00f3n.<\/p>\n<p>Otro le dijo que nunca llegar\u00eda a nada. Einstein comenz\u00f3 a estudiar matem\u00e1ticas a la edad de 12 a\u00f1os. Se interes\u00f3 por el \u00e1lgebra y la geometr\u00eda plana, y a los 15 a\u00f1os, sin tutor ni gu\u00eda, emprendi\u00f3 el estudio del c\u00e1lculo infinitesimal. Existe el rumor, claramente infundado, sobre su incapacidad de aprobar las asignaturas de matem\u00e1ticas. Lo que s\u00ed es cierto es que los cambios en el sistema educativo de aquellos a\u00f1os a\u00f1adieron confusi\u00f3n a su curr\u00edculum. Tras graduarse, siendo el \u00fanico de su promoci\u00f3n que no consigui\u00f3 el grado de maestro, Einstein no pudo encontrar un trabajo en la Universidad. Einstein es el cient\u00edfico m\u00e1s conocido e importante del siglo XX. Einstein cre\u00eda en un \u00abDios que se revela en la armon\u00eda de todo lo que existe, no en un Dios que se interesa en el destino y las acciones del hombre\u00bb. Deseaba conocer \u00abc\u00f3mo Dios hab\u00eda creado el mundo\u00bb. En alg\u00fan momento resumi\u00f3 sus creencias religiosas de la manera siguiente: \u00abMi religi\u00f3n consiste en una humilde admiraci\u00f3n del ilimitado esp\u00edritu superior que se revela en los m\u00e1s peque\u00f1os detalles que podemos percibir con nuestra fr\u00e1gil y d\u00e9bil mente\u00bb.<\/p><\/blockquote>\n<p><span style=\"color: #888888;\"><sup><strong>Imagen:<\/strong> 4.bp.blogspot.com<\/sup><\/span><\/p>\n","protected":false},"excerpt":{"rendered":"<p>\u201cHay dos maneras de vivir su vida: una como si nada es un milagro, la otra es como si todo es un milagro\u201d Albert Einstein Cada d\u00eda hay en el Universo una estela dejada por la acci\u00f3n de otros seres humanos que al igual que nosotros buscaban la excelencia. Hoy esa\u00a0 estela o\u00a0 \u201csemilla del [&hellip;]<\/p>\n","protected":false},"author":3,"featured_media":85269,"comment_status":"open","ping_status":"closed","sticky":false,"template":"","format":"standard","meta":{"footnotes":""},"categories":[12],"tags":[44,2695,17184,12946],"class_list":{"0":"post-85195","1":"post","2":"type-post","3":"status-publish","4":"format-standard","5":"has-post-thumbnail","7":"category-semilla-de-la-semana","8":"tag-albert-einstein","9":"tag-premio-nobel-de-fisica","10":"tag-semilla-de-la-semana","11":"tag-teoria-de-la-relatividad-general"},"_links":{"self":[{"href":"https:\/\/moonmentum.com\/blog\/wp-json\/wp\/v2\/posts\/85195","targetHints":{"allow":["GET"]}}],"collection":[{"href":"https:\/\/moonmentum.com\/blog\/wp-json\/wp\/v2\/posts"}],"about":[{"href":"https:\/\/moonmentum.com\/blog\/wp-json\/wp\/v2\/types\/post"}],"author":[{"embeddable":true,"href":"https:\/\/moonmentum.com\/blog\/wp-json\/wp\/v2\/users\/3"}],"replies":[{"embeddable":true,"href":"https:\/\/moonmentum.com\/blog\/wp-json\/wp\/v2\/comments?post=85195"}],"version-history":[{"count":0,"href":"https:\/\/moonmentum.com\/blog\/wp-json\/wp\/v2\/posts\/85195\/revisions"}],"wp:featuredmedia":[{"embeddable":true,"href":"https:\/\/moonmentum.com\/blog\/wp-json\/wp\/v2\/media\/85269"}],"wp:attachment":[{"href":"https:\/\/moonmentum.com\/blog\/wp-json\/wp\/v2\/media?parent=85195"}],"wp:term":[{"taxonomy":"category","embeddable":true,"href":"https:\/\/moonmentum.com\/blog\/wp-json\/wp\/v2\/categories?post=85195"},{"taxonomy":"post_tag","embeddable":true,"href":"https:\/\/moonmentum.com\/blog\/wp-json\/wp\/v2\/tags?post=85195"}],"curies":[{"name":"wp","href":"https:\/\/api.w.org\/{rel}","templated":true}]}}