{"id":85973,"date":"2012-03-20T07:59:49","date_gmt":"2012-03-20T12:29:49","guid":{"rendered":"http:\/\/www.moonmentum.com\/blog\/?p=85973"},"modified":"2013-07-19T00:34:42","modified_gmt":"2013-07-19T05:04:42","slug":"dia-de-equilibrio-festejemos-la-igualad","status":"publish","type":"post","link":"https:\/\/moonmentum.com\/blog\/efemerides\/semilla-de-la-semana\/dia-de-equilibrio-festejemos-la-igualad\/","title":{"rendered":"D\u00eda de Equilibrio, festejemos la igualad"},"content":{"rendered":"<p><a rel=\"attachment wp-att-86527\" href=\"http:\/\/www.moonmentum.com\/blog\/efemerides\/semilla-del-dia\/dia-de-equilibrio-festejemos-la-igualad\/attachment\/tierra-semilla\/\"><img loading=\"lazy\" decoding=\"async\" class=\"alignleft size-medium wp-image-86527 lazyload\" style=\"--smush-placeholder-width: 208px; --smush-placeholder-aspect-ratio: 208\/250;float: left; border-image: initial; margin: 6px; border: 0px initial initial;\" title=\"Tierra - Semilla\" data-src=\"http:\/\/www.moonmentum.com\/blog\/wp-content\/uploads\/2012\/03\/tierra-semilla-250x300.jpg\" alt=\"Tierra - Semilla\" width=\"208\" height=\"250\" src=\"data:image\/gif;base64,R0lGODlhAQABAAAAACH5BAEKAAEALAAAAAABAAEAAAICTAEAOw==\" \/><noscript><img loading=\"lazy\" decoding=\"async\" class=\"alignleft size-medium wp-image-86527\" style=\"float: left; border-image: initial; margin: 6px; border: 0px initial initial;\" title=\"Tierra - Semilla\" src=\"http:\/\/www.moonmentum.com\/blog\/wp-content\/uploads\/2012\/03\/tierra-semilla-250x300.jpg\" alt=\"Tierra - Semilla\" width=\"208\" height=\"250\" \/><\/noscript><\/a>\u201cProduce una inmensa tristeza pensar que la naturaleza habla, mientras el g\u00e9nero humano no escucha\u201d<br \/>\nV\u00edctor Hugo<\/p>\n<p>Hoy 20 de marzo a las 01:16 am EDT el Sol pasa por el equinoccio vernal dando oficialmente inicio a la primavera. Equinoccio del lat\u00edn <em>aequinoctium<\/em>; <em>aequus<\/em>, igual y <em>nox<\/em>, noche, por lo que significa noches iguales, esta aseveraci\u00f3n es porque el eje de la tierra tiene una inclinaci\u00f3n con referencia al Sol, que permite que en ambos Hemisferios de la tierra, norte y sur, la noche sea igual, en tiempo de duraci\u00f3n, en todo el planeta.<\/p>\n<p>Aunque lo m\u00e1s notorio es cuando el tiempo de luz es igual al tiempo de oscuridad, lo que da el nombre es con referencia a que el tiempo de oscuridad, de manera proporcional, es igual en todo el planeta. Utilizando todas estas referencias las antiguas Culturas del Mundo, desarrollaron sus Sagradas\u00a0 Construcciones emple\u00e1ndolas como marcadores solares con el fin de medir y llevar la cuenta del tiempo con mayor precisi\u00f3n. As\u00ed el Equinoccio es tiempo de compartir con todo lo que nos rodea.<!--more--><\/p>\n<p>El descenso simb\u00f3lico de Kukulc\u00e1n.<\/p>\n<p>La Grand\u00edsima Fuerza del Universo se expande en el infinito.<\/p>\n<p>Lo que festejamos es la Igualdad.<\/p>\n<p>Es el momento en que la luz y la oscuridad permanecen en perfecto equilibrio.<\/p>\n<p><strong>D\u00eda de la Tierra Equinoccial<\/strong><strong> <\/strong><\/p>\n<p>El D\u00eda de la Tierra es el nombre de dos celebraciones distintas que tiene lugar anualmente el equinoccio de primavera del hemisferio norte, hacia el 21 de marzo, y el 22 de abril. Este d\u00eda (20 de Marzo) se celebra en la mayor\u00eda de los pa\u00edses en el equinoccio de primavera, en el momento en que comienza la primavera en el hemisferio boreal y el oto\u00f1o en el hemisferio austral, momento en el que la duraci\u00f3n del d\u00eda y la noche es la misma en todo el planeta. Este evento astron\u00f3mico acompa\u00f1ado tradicionalmente por el ta\u00f1er de las campanas marca el inicio de las celebraciones.<\/p>\n<p><strong> <\/strong><\/p>\n<p><span style=\"color: #888888;\"><sup><strong>Imagen:<\/strong>4.bp.blogspot.com<\/sup><\/span><\/p>\n","protected":false},"excerpt":{"rendered":"<p>\u201cProduce una inmensa tristeza pensar que la naturaleza habla, mientras el g\u00e9nero humano no escucha\u201d V\u00edctor Hugo Hoy 20 de marzo a las 01:16 am EDT el Sol pasa por el equinoccio vernal dando oficialmente inicio a la primavera. Equinoccio del lat\u00edn aequinoctium; aequus, igual y nox, noche, por lo que significa noches iguales, esta [&hellip;]<\/p>\n","protected":false},"author":3,"featured_media":86527,"comment_status":"open","ping_status":"closed","sticky":false,"template":"","format":"standard","meta":{"footnotes":""},"categories":[12],"tags":[227,3590,3654,3291,496],"class_list":{"0":"post-85973","1":"post","2":"type-post","3":"status-publish","4":"format-standard","5":"has-post-thumbnail","7":"category-semilla-de-la-semana","8":"tag-equinoccio","9":"tag-equinoccio-vernal","10":"tag-kukulcan","11":"tag-primavera","12":"tag-sol"},"_links":{"self":[{"href":"https:\/\/moonmentum.com\/blog\/wp-json\/wp\/v2\/posts\/85973","targetHints":{"allow":["GET"]}}],"collection":[{"href":"https:\/\/moonmentum.com\/blog\/wp-json\/wp\/v2\/posts"}],"about":[{"href":"https:\/\/moonmentum.com\/blog\/wp-json\/wp\/v2\/types\/post"}],"author":[{"embeddable":true,"href":"https:\/\/moonmentum.com\/blog\/wp-json\/wp\/v2\/users\/3"}],"replies":[{"embeddable":true,"href":"https:\/\/moonmentum.com\/blog\/wp-json\/wp\/v2\/comments?post=85973"}],"version-history":[{"count":0,"href":"https:\/\/moonmentum.com\/blog\/wp-json\/wp\/v2\/posts\/85973\/revisions"}],"wp:featuredmedia":[{"embeddable":true,"href":"https:\/\/moonmentum.com\/blog\/wp-json\/wp\/v2\/media\/86527"}],"wp:attachment":[{"href":"https:\/\/moonmentum.com\/blog\/wp-json\/wp\/v2\/media?parent=85973"}],"wp:term":[{"taxonomy":"category","embeddable":true,"href":"https:\/\/moonmentum.com\/blog\/wp-json\/wp\/v2\/categories?post=85973"},{"taxonomy":"post_tag","embeddable":true,"href":"https:\/\/moonmentum.com\/blog\/wp-json\/wp\/v2\/tags?post=85973"}],"curies":[{"name":"wp","href":"https:\/\/api.w.org\/{rel}","templated":true}]}}