{"id":88168,"date":"2012-04-04T00:02:05","date_gmt":"2012-04-04T04:32:05","guid":{"rendered":"http:\/\/www.moonmentum.com\/blog\/?p=88168"},"modified":"2012-04-04T01:47:11","modified_gmt":"2012-04-04T06:17:11","slug":"ritual-de-miercoles-santo","status":"publish","type":"post","link":"https:\/\/moonmentum.com\/blog\/pronostico\/clima-astrologico\/ritual-de-miercoles-santo\/","title":{"rendered":"Ritual de Mi\u00e9rcoles Santo"},"content":{"rendered":"<p><a rel=\"attachment wp-att-89048\" href=\"http:\/\/www.moonmentum.com\/blog\/pronostico\/index\/ritual-de-miercoles-santo\/attachment\/miercoles-santo-clima\/\"><img loading=\"lazy\" decoding=\"async\" class=\"alignnone size-full wp-image-89048 lazyload\" style=\"--smush-placeholder-width: 191px; --smush-placeholder-aspect-ratio: 191\/250;float: left; border-image: initial; margin: 6px; border: 0px initial initial;\" title=\"miercoles santo- clima\" data-src=\"http:\/\/www.moonmentum.com\/blog\/wp-content\/uploads\/2012\/04\/ae7c23077660b61649b9b2a30cec216c.jpg\" alt=\"miercoles santo- clima\" width=\"191\" height=\"250\" src=\"data:image\/gif;base64,R0lGODlhAQABAAAAACH5BAEKAAEALAAAAAABAAEAAAICTAEAOw==\" \/><noscript><img loading=\"lazy\" decoding=\"async\" class=\"alignnone size-full wp-image-89048\" style=\"float: left; border-image: initial; margin: 6px; border: 0px initial initial;\" title=\"miercoles santo- clima\" src=\"http:\/\/www.moonmentum.com\/blog\/wp-content\/uploads\/2012\/04\/ae7c23077660b61649b9b2a30cec216c.jpg\" alt=\"miercoles santo- clima\" width=\"191\" height=\"250\" \/><\/noscript><\/a>La primera parte de la Semana Santa cristiana llega a su fin con la celebraci\u00f3n del\u00a0Mi\u00e9rcoles Santo.<\/p>\n<p>El\u00a0Mi\u00e9rcoles Santo marca el final de la Cuaresma y el comienzo de la Pascua. El Mi\u00e9rcoles Santo es el d\u00eda en que se re\u00fane el Sanedr\u00edn, el tribunal religioso jud\u00edo, para condenar a Jes\u00fas.<\/p>\n<p><strong>Liturgia del Mi\u00e9rcoles Santo:<\/strong><\/p>\n<blockquote><p>En aquel tiempo, uno de los Doce, llamado Judas Iscariote, fue a los sumos sacerdotes y les propuso:<\/p>\n<p>-\u00ab \u00bfQu\u00e9 est\u00e1is dispuestos a darme, si os lo entrego?\u00bb.<\/p>\n<p>Ellos se ajustaron con \u00e9l en treinta monedas.<!--more--><\/p>\n<p>Y desde entonces andaba buscando ocasi\u00f3n propicia para entregarlo.<\/p>\n<p>El primer d\u00eda de los \u00c1zimos se acercaron los disc\u00edpulos a Jes\u00fas y le preguntaron:<\/p>\n<p>-\u00ab \u00bfD\u00f3nde quieres que te preparemos la cena de Pascua?\u00bb.<\/p>\n<p>\u00c9l contest\u00f3:<\/p>\n<p>-\u00abld a la ciudad, a casa de Fulano, y decidle: \u201cEl Maestro dice: Mi momento est\u00e1 cerca; deseo celebrar la Pascua en tu casa con mis disc\u00edpulos\u201d\u00bb.<\/p>\n<p>Los disc\u00edpulos cumplieron las instrucciones de Jes\u00fas y prepararon la Pascua.<\/p>\n<p>Al atardecer se puso a la mesa con los Doce. Mientras com\u00edan dijo:<\/p>\n<p>-\u00abOs aseguro que uno de vosotros me va a entregar.\u00bb<\/p>\n<p>Ellos, consternados, se pusieron a preguntarle uno tras otro:<\/p>\n<p>-\u00ab \u00bfSoy yo acaso, Se\u00f1or?\u00bb.<\/p>\n<p>\u00c9l respondi\u00f3:<\/p>\n<p>-\u00abEl que ha mojado en la misma fuente que yo, \u00e9se me va a entregar. El Hijo del hombre se va, como est\u00e1 escrito de \u00e9l; pero, \u00a1ay del que va a entregar al Hijo del hombre!; m\u00e1s le valdr\u00eda no haber nacido\u00bb.<\/p>\n<p>Entonces pregunt\u00f3 Judas, el que lo iba a entregar:<\/p>\n<p>-\u00ab \u00bfSoy yo acaso, Maestro?\u00bb.<\/p>\n<p>\u00c9l respondi\u00f3:<\/p>\n<p>-\u00abT\u00fa lo has dicho\u00bb.<\/p>\n<p><strong>Mateo 26, 14-25<\/strong><\/p><\/blockquote>\n<p><strong> <\/strong><\/p>\n<p><strong> <\/strong><\/p>\n<p><strong>Ritual del Mi\u00e9rcoles Santo:<\/strong><\/p>\n<ul>\n<li>Monedas, con ellas en      la mano debemos pensar cuantas monedas necesitar\u00edamos para comprar el Sol      o la Luna. Debemos reflexionar sobre el costo de nuestra salud y sobre      todo aquello que ha pasado por nuestra vida que no tiene forma de      comprarse. Poco a\u00a0 poco esas monedas dejaran de tener valor para que      con esta nueva vibraci\u00f3n y perspectiva entremos en el siguiente paso: Debemos      tomar un poco de\u00a0<a href=\"http:\/\/www.moonmentum.com\/blog\/category\/pronostico\/cocinando-con-los-dioses\/\" target=\"_blank\">Aceite de Oliva<\/a> utilizado en la      bendici\u00f3n de los Santo Oleos.\u00a0<em>El Santo Crisma (utilizado para      los Bautismos, en la confirmaci\u00f3n y en el Orden Sagrado), el \u00d3leo de los      Enfermos (que se utiliza en la unci\u00f3n de los enfermos), y el \u00d3leo de los      Catec\u00famenos (que se utiliza en el Bautismo junto con el Crisma.<\/em><\/li>\n<\/ul>\n<ul>\n<li>Proceso de reflexi\u00f3n y      separaci\u00f3n\u00a0 para as\u00ed ser m\u00e1s objetivos.<\/li>\n<li>Si deseas conectar con      la tradici\u00f3n v\u00edstete de colores oscuros y escucha\u00a0<a title=\"M\u00fasica Sacra\" href=\"http:\/\/www.moonmentum.com\/blog\/?p=21755\" target=\"_blank\">m\u00fasica      sacra<\/a> y <a title=\"Cantos Gregorianos\" href=\"http:\/\/www.moonmentum.com\/blog\/?p=21746\" target=\"_blank\">Cantos      Gregorianos<\/a>.<\/li>\n<\/ul>\n<p><sup><span style=\"color: #888888;\">Imagen:\u00a03.bp.blogspot.com<\/span><\/sup><\/p>\n","protected":false},"excerpt":{"rendered":"<p>La primera parte de la Semana Santa cristiana llega a su fin con la celebraci\u00f3n del Mi\u00e9rcoles Santo.<\/p>\n<p>El Mi\u00e9rcoles Santo marca el final de&#8230; <a href=\"http:\/\/www.moonmentum.com\/blog\/pronostico\/index\/ritual-de-miercoles-santo\/\">Ver m\u00e1s&#8230;<\/a><\/p>\n","protected":false},"author":3,"featured_media":89048,"comment_status":"open","ping_status":"closed","sticky":false,"template":"","format":"standard","meta":{"footnotes":""},"categories":[17],"tags":[9534,13110,2883,13109,3823,3822,3794,3827,13108],"class_list":{"0":"post-88168","1":"post","2":"type-post","3":"status-publish","4":"format-standard","5":"has-post-thumbnail","7":"category-clima-astrologico","8":"tag-cantos-gregorianos","9":"tag-comienzo-de-la-pascua","10":"tag-cuaresma","11":"tag-final-de-la-cuaresma","12":"tag-liturgia-del-miercoles-santo","13":"tag-miercoles-santo","14":"tag-musica-sacra","15":"tag-ritual-del-miercoles-santo","16":"tag-semana-santa-cristiana"},"_links":{"self":[{"href":"https:\/\/moonmentum.com\/blog\/wp-json\/wp\/v2\/posts\/88168","targetHints":{"allow":["GET"]}}],"collection":[{"href":"https:\/\/moonmentum.com\/blog\/wp-json\/wp\/v2\/posts"}],"about":[{"href":"https:\/\/moonmentum.com\/blog\/wp-json\/wp\/v2\/types\/post"}],"author":[{"embeddable":true,"href":"https:\/\/moonmentum.com\/blog\/wp-json\/wp\/v2\/users\/3"}],"replies":[{"embeddable":true,"href":"https:\/\/moonmentum.com\/blog\/wp-json\/wp\/v2\/comments?post=88168"}],"version-history":[{"count":0,"href":"https:\/\/moonmentum.com\/blog\/wp-json\/wp\/v2\/posts\/88168\/revisions"}],"wp:featuredmedia":[{"embeddable":true,"href":"https:\/\/moonmentum.com\/blog\/wp-json\/wp\/v2\/media\/89048"}],"wp:attachment":[{"href":"https:\/\/moonmentum.com\/blog\/wp-json\/wp\/v2\/media?parent=88168"}],"wp:term":[{"taxonomy":"category","embeddable":true,"href":"https:\/\/moonmentum.com\/blog\/wp-json\/wp\/v2\/categories?post=88168"},{"taxonomy":"post_tag","embeddable":true,"href":"https:\/\/moonmentum.com\/blog\/wp-json\/wp\/v2\/tags?post=88168"}],"curies":[{"name":"wp","href":"https:\/\/api.w.org\/{rel}","templated":true}]}}