{"id":9202,"date":"2009-10-01T00:08:09","date_gmt":"2009-10-01T04:38:09","guid":{"rendered":"http:\/\/www.elpulsodeltiempo.com\/timepulse\/?p=9202"},"modified":"2013-06-03T16:01:46","modified_gmt":"2013-06-03T20:31:46","slug":"efemerides-del-01-de-octubre","status":"publish","type":"post","link":"https:\/\/moonmentum.com\/blog\/efemerides\/en-un-dia-como-hoy\/efemerides-del-01-de-octubre\/","title":{"rendered":"Efem\u00e9rides del 01 de Octubre"},"content":{"rendered":"<div class=\"mceTemp mceIEcenter\"><strong> <\/strong><\/div>\n<p><strong>Luz Naranja en el Universo <img loading=\"lazy\" decoding=\"async\" title=\"LuzNaranja\" data-src=\"http:\/\/www.moonmentum.com\/blog\/wp-includes\/images\/Simbolos_Astrologicos\/58.png\" alt=\"LuzNaranja\" width=\"16\" height=\"16\" src=\"data:image\/gif;base64,R0lGODlhAQABAAAAACH5BAEKAAEALAAAAAABAAEAAAICTAEAOw==\" class=\"lazyload\" style=\"--smush-placeholder-width: 16px; --smush-placeholder-aspect-ratio: 16\/16;\" \/><noscript><img loading=\"lazy\" decoding=\"async\" title=\"LuzNaranja\" src=\"http:\/\/www.moonmentum.com\/blog\/wp-includes\/images\/Simbolos_Astrologicos\/58.png\" alt=\"LuzNaranja\" width=\"16\" height=\"16\" \/><\/noscript><br \/>\n<\/strong><strong>\u201cReflexi\u00f3n\u201d <\/strong><\/p>\n<p style=\"text-align: center;\">\u201cPensar es el trabajo m\u00e1s dif\u00edcil que existe. Quiz\u00e1 esa sea la raz\u00f3n<br \/>\npor la que haya tan pocas personas que lo practiquen\u201d<\/p>\n<figure id=\"attachment_9204\" aria-describedby=\"caption-attachment-9204\" style=\"width: 150px\" class=\"wp-caption aligncenter\"><a href=\"http:\/\/www.moonmentum.com\/blog\/wp-content\/uploads\/2009\/09\/henry-ford.jpg\"><img loading=\"lazy\" decoding=\"async\" class=\"size-full wp-image-9204 lazyload\" title=\"Henry Ford\" data-src=\"http:\/\/www.moonmentum.com\/blog\/wp-content\/uploads\/2009\/09\/henry-ford.jpg\" alt=\"Henry Ford\" width=\"150\" height=\"170\" src=\"data:image\/gif;base64,R0lGODlhAQABAAAAACH5BAEKAAEALAAAAAABAAEAAAICTAEAOw==\" style=\"--smush-placeholder-width: 150px; --smush-placeholder-aspect-ratio: 150\/170;\" \/><noscript><img loading=\"lazy\" decoding=\"async\" class=\"size-full wp-image-9204\" title=\"Henry Ford\" src=\"http:\/\/www.moonmentum.com\/blog\/wp-content\/uploads\/2009\/09\/henry-ford.jpg\" alt=\"Henry Ford\" width=\"150\" height=\"170\" \/><\/noscript><\/a><a href=\"http:\/\/www.moonmentum.com\/blog\/wp-content\/uploads\/2009\/09\/henry-ford.jpg\"><\/a><figcaption id=\"caption-attachment-9204\" class=\"wp-caption-text\">Henry Ford<\/figcaption><\/figure>\n<p style=\"text-align: justify;\"><strong>Efem\u00e9rides <\/strong><strong><em> <\/em><\/strong><\/p>\n<p style=\"text-align: justify;\"><strong>Octubre<\/strong> es el d\u00e9cimo mes del a\u00f1o en el Calendario Gregoriano y tiene 31 d\u00edas. Su nombre deriva de haber sido el octavo mes del calendario romano.<!--more--><\/p>\n<p style=\"text-align: justify;\">A lo largo de los \u00faltimos 6,000 a\u00f1os, numerosas culturas han dise\u00f1ado diferentes calendarios. Algunos est\u00e1n basados en los movimientos de la Luna, otros en el Sol y otros en ceremonias ligadas a acontecimientos importantes. <strong>Hoy es el primer d\u00eda de octubre, palabra que significa \u00aboctavo mes.\u00bb<\/strong> Es un resto del primitivo calendario romano, cuando el a\u00f1o empezaba en marzo y octubre realmente era el octavo mes. Todos los calendarios tienen una cosa en com\u00fan: se reinician a intervalos espec\u00edficos, al final del a\u00f1o, por ejemplo. Ello pone orden en la vida diaria, pero puede ser molesto para los astr\u00f3nomos.<\/p>\n<p style=\"text-align: justify;\">Hace varios siglos, cuando hab\u00eda muchos m\u00e1s calendarios en uso, era un problema especialmente serio. Por eso, en 1582, Joseph Justus Scaliger dise\u00f1\u00f3 un sistema s\u00f3lo para los astr\u00f3nomos. Se llama el sistema del D\u00eda Juliano en honor al padre de Scaliger, Julio, y numera los d\u00edas de manera secuencial, sin atender a cambio de meses ni de a\u00f1os. Un d\u00eda juliano empieza al mediod\u00eda del Tiempo Universal -la hora en los cero grados de longitud. Scaliger eligi\u00f3 el mediod\u00eda para que los astr\u00f3nomos de Europa no tuvieran que cambiar de fecha en medio de una noche de observaci\u00f3n.<\/p>\n<p style=\"text-align: justify;\"><strong>Universo online, del d\u00eda juliano dos millones, 454 mil, 375.<\/strong><\/p>\n<p style=\"text-align: justify;\"><strong>El 01 de<\/strong> <strong>octubre<\/strong> es el 274\u00ba d\u00eda del a\u00f1o del Calendario Gregoriano (275\u00ba en los a\u00f1os bisiestos). Quedan 91 d\u00edas para finalizar el a\u00f1o.<\/p>\n<p style=\"text-align: justify;\"><strong> <span style=\"font-size: small;\">Acontecimientos<\/span>:<\/strong><\/p>\n<p style=\"text-align: justify;\"><strong>1814<\/strong>: Chile: comienza la batalla conocida como Desastre de Rancagua. Tropas espa\u00f1olas, enviadas a Chile por el virrey de Per\u00fa para someter a los patriotas independentistas, entran en Santiago y se mantienen en el pa\u00eds hasta 1817.<br \/>\n<strong>1889<\/strong>: Fundaci\u00f3n de Nagoya.<br \/>\n<strong>1890<\/strong> &#8211; El Congreso de los Estados Unidos declara Yosemite y el Yellowstone parques.<br \/>\n<strong>1908<\/strong>: Estados Unidos: sale al mercado el modelo Ford T, creado por Henry Ford.<br \/>\n<strong>1949<\/strong>: Proclamaci\u00f3n por Mao Zedong de la Rep\u00fablica Popular China.<br \/>\n<strong>1960<\/strong>: Nigeria alcanza la independencia del Reino Unido.<br \/>\n<strong>1964<\/strong> &#8211; Argentina: La tira c\u00f3mica <em>Mafalda<\/em> de Quino ve la luz en la revista <em>Primera Plana<\/em>.<br \/>\n<strong>1978<\/strong>: Tuvalu alcanza la independencia.<br \/>\n<strong>1994<\/strong>: Palau alcanza la independencia.<\/p>\n<p style=\"text-align: justify;\"><strong><span style=\"font-size: small;\">Nacimientos<\/span>:<\/strong><\/p>\n<p style=\"text-align: justify;\"><strong>208<\/strong>: Alejandro Severo, emperador romano.<br \/>\n<strong>1207<\/strong>: Enrique III, noble ingl\u00e9s, rey de Inglaterra entre 1216 y 1272.<br \/>\n<strong>1685<\/strong>: Carlos VI de Alemania, emperador romano-germ\u00e1nico.<br \/>\n<strong>1904<\/strong>: Otto Robert Frisch, f\u00edsico austr\u00edaco-brit\u00e1nico.<br \/>\n<strong>1924<\/strong>: Jimmy Carter, presidente de los Estados Unidos, Premio Nobel de la Paz en 2002.<br \/>\n<strong>1947<\/strong>:\u00a0Aar\u00f3n Ciechanover, bi\u00f3logo israel\u00ed,\u00a0Premio Nobel de Qu\u00edmica\u00a0de\u00a02004.<strong> <\/strong><\/p>\n<p style=\"text-align: justify;\"><strong><span style=\"font-size: small;\">Fallecimientos:<\/span><\/strong><\/p>\n<p style=\"text-align: justify;\"><strong>1866<\/strong>: Juan Vicente Gonz\u00e1lez, escritor rom\u00e1ntico venezolano.<br \/>\n<strong>1873<\/strong>: Edwin Landseer, pintor brit\u00e1nico.<br \/>\n<strong>1994<\/strong>: Andr\u00e9 Lwoff, m\u00e9dico franc\u00e9s, Premio Nobel de Medicina en 1965.<br \/>\n<strong>1997<\/strong> &#8211; Jerome H. Lemelson, inventor estaodunidense. (b. 1923)<br \/>\n<strong>2001<\/strong> &#8211; Silvio Fern\u00e1ndez Melgarejo, m\u00fasico espa\u00f1ol de rock.<br \/>\n<strong>2003<\/strong> &#8211; Antonio Truyol y Serra, jurista espa\u00f1ol.<br \/>\n<strong>2004<\/strong>: Richard Avedon, fot\u00f3grafo estadounidense.<br \/>\n<strong>2007<\/strong>: Al Oerter, atleta estadounidense.<\/p>\n<p style=\"text-align: justify;\"><strong>Fiestas<\/strong><strong> <\/strong><\/p>\n<p style=\"text-align: justify;\">D\u00eda Internacional de las Personas de Edad.<\/p>\n<figure id=\"attachment_9205\" aria-describedby=\"caption-attachment-9205\" style=\"width: 150px\" class=\"wp-caption aligncenter\"><a href=\"http:\/\/www.moonmentum.com\/blog\/wp-content\/uploads\/2009\/09\/anciano-por-rubens.jpg\"><img loading=\"lazy\" decoding=\"async\" class=\"size-full wp-image-9205 lazyload\" title=\"Anciano, por Rubens\" data-src=\"http:\/\/www.moonmentum.com\/blog\/wp-content\/uploads\/2009\/09\/anciano-por-rubens.jpg\" alt=\"Anciano, por Rubens\" width=\"150\" height=\"174\" src=\"data:image\/gif;base64,R0lGODlhAQABAAAAACH5BAEKAAEALAAAAAABAAEAAAICTAEAOw==\" style=\"--smush-placeholder-width: 150px; --smush-placeholder-aspect-ratio: 150\/174;\" \/><noscript><img loading=\"lazy\" decoding=\"async\" class=\"size-full wp-image-9205\" title=\"Anciano, por Rubens\" src=\"http:\/\/www.moonmentum.com\/blog\/wp-content\/uploads\/2009\/09\/anciano-por-rubens.jpg\" alt=\"Anciano, por Rubens\" width=\"150\" height=\"174\" \/><\/noscript><\/a><figcaption id=\"caption-attachment-9205\" class=\"wp-caption-text\">Anciano, por Rubens<\/figcaption><\/figure>\n<p style=\"text-align: justify;\">El t\u00e9rmino <strong>tercera edad<\/strong>, es un t\u00e9rmino antr\u00f3pico-social que hace referencia a la poblaci\u00f3n de personas mayores, no necesariamente jubiladas, normalmente de 65 o m\u00e1s a\u00f1os. Este grupo de edad est\u00e1 creciendo en la pir\u00e1mide de poblaci\u00f3n o distribuci\u00f3n por edades en la estructura de la poblaci\u00f3n, la baja tasa de natalidad y la mejora de la calidad de vida y la esperanza de vida son las causas principales que producen este hecho.<\/p>\n<p style=\"text-align: justify;\"><strong> <\/strong>Algunos pa\u00edses desarrollados otorgan trabajo sin discriminar por la edad porque en ellos prima la experiencia y capacidad. Las enfermedades asociadas a la vejez (Alzheimer, artrosis, Diabetes, Cataratas, Osteoporosis etc.) son m\u00e1s recurrentes en los pa\u00edses en v\u00edas de desarrollo que en los desarrollados.<\/p>\n","protected":false},"excerpt":{"rendered":"<p>Luz Naranja en el Universo \u201cReflexi\u00f3n\u201d \u201cPensar es el trabajo m\u00e1s dif\u00edcil que existe. Quiz\u00e1 esa sea la raz\u00f3n por la que haya tan pocas personas que lo practiquen\u201d Efem\u00e9rides Octubre es el d\u00e9cimo mes del a\u00f1o en el Calendario Gregoriano y tiene 31 d\u00edas. Su nombre deriva de haber sido el octavo mes del [&hellip;]<\/p>\n","protected":false},"author":3,"featured_media":9204,"comment_status":"open","ping_status":"closed","sticky":false,"template":"","format":"standard","meta":{"footnotes":""},"categories":[23,13],"tags":[57,511],"class_list":{"0":"post-9202","1":"post","2":"type-post","3":"status-publish","4":"format-standard","5":"has-post-thumbnail","7":"category-efemerides","8":"category-en-un-dia-como-hoy","9":"tag-anciano","10":"tag-tercera-edad"},"_links":{"self":[{"href":"https:\/\/moonmentum.com\/blog\/wp-json\/wp\/v2\/posts\/9202","targetHints":{"allow":["GET"]}}],"collection":[{"href":"https:\/\/moonmentum.com\/blog\/wp-json\/wp\/v2\/posts"}],"about":[{"href":"https:\/\/moonmentum.com\/blog\/wp-json\/wp\/v2\/types\/post"}],"author":[{"embeddable":true,"href":"https:\/\/moonmentum.com\/blog\/wp-json\/wp\/v2\/users\/3"}],"replies":[{"embeddable":true,"href":"https:\/\/moonmentum.com\/blog\/wp-json\/wp\/v2\/comments?post=9202"}],"version-history":[{"count":0,"href":"https:\/\/moonmentum.com\/blog\/wp-json\/wp\/v2\/posts\/9202\/revisions"}],"wp:featuredmedia":[{"embeddable":true,"href":"https:\/\/moonmentum.com\/blog\/wp-json\/wp\/v2\/media\/9204"}],"wp:attachment":[{"href":"https:\/\/moonmentum.com\/blog\/wp-json\/wp\/v2\/media?parent=9202"}],"wp:term":[{"taxonomy":"category","embeddable":true,"href":"https:\/\/moonmentum.com\/blog\/wp-json\/wp\/v2\/categories?post=9202"},{"taxonomy":"post_tag","embeddable":true,"href":"https:\/\/moonmentum.com\/blog\/wp-json\/wp\/v2\/tags?post=9202"}],"curies":[{"name":"wp","href":"https:\/\/api.w.org\/{rel}","templated":true}]}}