{"id":92292,"date":"2012-04-30T00:06:41","date_gmt":"2012-04-30T04:36:41","guid":{"rendered":"http:\/\/www.moonmentum.com\/blog\/?p=92292"},"modified":"2012-04-30T09:08:24","modified_gmt":"2012-04-30T13:38:24","slug":"dios-hace-aritmetica","status":"publish","type":"post","link":"https:\/\/moonmentum.com\/blog\/efemerides\/semilla-de-la-semana\/dios-hace-aritmetica\/","title":{"rendered":"Dios hace aritm\u00e9tica"},"content":{"rendered":"<p><strong><a rel=\"attachment wp-att-92506\" href=\"http:\/\/www.moonmentum.com\/blog\/efemerides\/semilla-del-dia\/dios-hace-aritmetica\/attachment\/gauss-semilla-del-dia\/\"><img loading=\"lazy\" decoding=\"async\" class=\"alignleft size-medium wp-image-92506 lazyload\" style=\"--smush-placeholder-width: 203px; --smush-placeholder-aspect-ratio: 203\/250;float: left; border-image: initial; margin: 6px; border: 0px initial initial;\" title=\"Gauss - Semilla del dia\" data-src=\"http:\/\/www.moonmentum.com\/blog\/wp-content\/uploads\/2012\/04\/Gauss-Semilla-del-dia-244x300.jpg\" alt=\"Gauss - Semilla del dia\" width=\"203\" height=\"250\" src=\"data:image\/gif;base64,R0lGODlhAQABAAAAACH5BAEKAAEALAAAAAABAAEAAAICTAEAOw==\" \/><noscript><img loading=\"lazy\" decoding=\"async\" class=\"alignleft size-medium wp-image-92506\" style=\"float: left; border-image: initial; margin: 6px; border: 0px initial initial;\" title=\"Gauss - Semilla del dia\" src=\"http:\/\/www.moonmentum.com\/blog\/wp-content\/uploads\/2012\/04\/Gauss-Semilla-del-dia-244x300.jpg\" alt=\"Gauss - Semilla del dia\" width=\"203\" height=\"250\" \/><\/noscript><\/a>\u201cEl pr\u00edncipe de las matem\u00e1ticas\u201d<\/strong><strong> <\/strong><\/p>\n<p><em> <\/em><\/p>\n<p><em>Cada d\u00eda hay en el Universo una estela dejada por la acci\u00f3n de otros seres humanos que al igual que nosotros buscaban la excelencia. Hoy esa\u00a0 estela o<\/em><em> <\/em><em>\u201c<\/em><a href=\"http:\/\/www.moonmentum.com\/blog\/category\/sextante\/category\/sextante\/en-un-dia-como-hoy\/\"><em>semilla del d\u00eda<\/em><\/a><em>\u201d fue sembrada por\u2026<\/em><em> <\/em><\/p>\n<p><strong>Johann Carl Friedrich Gauss, <\/strong> fue un matem\u00e1tico, astr\u00f3nomo, geod\u00e9sico, y f\u00edsico alem\u00e1n que contribuy\u00f3 significativamente en muchos campos, incluida la teor\u00eda de n\u00fameros, el an\u00e1lisis matem\u00e1tico, la geometr\u00eda diferencial, la estad\u00edstica, el \u00e1lgebra, la geodesia, el Fagnetismo y la \u00f3ptica. Considerado \u00abel pr\u00edncipe de las matem\u00e1ticas\u00bb y \u00abel matem\u00e1tico m\u00e1s grande desde la antig\u00fcedad\u00bb, Gauss ha tenido una influencia notable en muchos campos de la matem\u00e1tica y de la ciencia, y es considerado uno de los matem\u00e1ticos que m\u00e1s influencia ha tenido en la Historia. Fue de los primeros en extender el concepto de divisibilidad a otros conjuntos.<!--more--><\/p>\n<p>Gauss fue un ni\u00f1o prodigio, de quien existen muchas an\u00e9cdotas acerca de su asombrosa precocidad. Hizo sus primeros grandes descubrimientos mientras era apenas un adolescente y complet\u00f3 su magnum opus, Disquisitiones Arithmeticae a los veinti\u00fan a\u00f1os (1798), aunque no ser\u00eda publicado hasta 1801. Fue un trabajo fundamental para que se consolidara la teor\u00eda de los n\u00fameros y ha moldeado esta \u00e1rea hasta los d\u00edas presentes.<\/p>\n<p><strong> <\/strong><\/p>\n","protected":false},"excerpt":{"rendered":"<p>\u201cEl pr\u00edncipe de las matem\u00e1ticas\u201d Cada d\u00eda hay en el Universo una estela dejada por la acci\u00f3n de otros seres humanos que al igual que nosotros buscaban la excelencia. Hoy esa\u00a0 estela o \u201csemilla del d\u00eda\u201d fue sembrada por\u2026 Johann Carl Friedrich Gauss, fue un matem\u00e1tico, astr\u00f3nomo, geod\u00e9sico, y f\u00edsico alem\u00e1n que contribuy\u00f3 significativamente en [&hellip;]<\/p>\n","protected":false},"author":3,"featured_media":92506,"comment_status":"open","ping_status":"closed","sticky":false,"template":"","format":"standard","meta":{"footnotes":""},"categories":[12],"tags":[1036,9858,946,13304,13303,1008],"class_list":{"0":"post-92292","1":"post","2":"type-post","3":"status-publish","4":"format-standard","5":"has-post-thumbnail","7":"category-semilla-de-la-semana","8":"tag-astronomo","9":"tag-el-principe-de-las-matematicas","10":"tag-fisico","11":"tag-geodesico","12":"tag-johann-carl-friedrich-gauss","13":"tag-matematico"},"_links":{"self":[{"href":"https:\/\/moonmentum.com\/blog\/wp-json\/wp\/v2\/posts\/92292","targetHints":{"allow":["GET"]}}],"collection":[{"href":"https:\/\/moonmentum.com\/blog\/wp-json\/wp\/v2\/posts"}],"about":[{"href":"https:\/\/moonmentum.com\/blog\/wp-json\/wp\/v2\/types\/post"}],"author":[{"embeddable":true,"href":"https:\/\/moonmentum.com\/blog\/wp-json\/wp\/v2\/users\/3"}],"replies":[{"embeddable":true,"href":"https:\/\/moonmentum.com\/blog\/wp-json\/wp\/v2\/comments?post=92292"}],"version-history":[{"count":0,"href":"https:\/\/moonmentum.com\/blog\/wp-json\/wp\/v2\/posts\/92292\/revisions"}],"wp:featuredmedia":[{"embeddable":true,"href":"https:\/\/moonmentum.com\/blog\/wp-json\/wp\/v2\/media\/92506"}],"wp:attachment":[{"href":"https:\/\/moonmentum.com\/blog\/wp-json\/wp\/v2\/media?parent=92292"}],"wp:term":[{"taxonomy":"category","embeddable":true,"href":"https:\/\/moonmentum.com\/blog\/wp-json\/wp\/v2\/categories?post=92292"},{"taxonomy":"post_tag","embeddable":true,"href":"https:\/\/moonmentum.com\/blog\/wp-json\/wp\/v2\/tags?post=92292"}],"curies":[{"name":"wp","href":"https:\/\/api.w.org\/{rel}","templated":true}]}}