{"id":9299,"date":"2009-10-04T00:04:12","date_gmt":"2009-10-04T04:34:12","guid":{"rendered":"http:\/\/www.elpulsodeltiempo.com\/timepulse\/?p=9299"},"modified":"2011-02-02T16:59:20","modified_gmt":"2011-02-02T21:29:20","slug":"sabia-usted-del-04-de-octubre","status":"publish","type":"post","link":"https:\/\/moonmentum.com\/blog\/efemerides\/semilla-de-la-semana\/sabia-usted-del-04-de-octubre\/","title":{"rendered":"\u00bfSab\u00eda Usted? del 04 de Octubre"},"content":{"rendered":"<figure id=\"attachment_9317\" aria-describedby=\"caption-attachment-9317\" style=\"width: 150px\" class=\"wp-caption aligncenter\"><a href=\"http:\/\/www.moonmentum.com\/blog\/wp-content\/uploads\/2009\/10\/planck-en-1929.jpg\"><img loading=\"lazy\" decoding=\"async\" class=\"size-full wp-image-9317 lazyload\" title=\"Planck \" data-src=\"http:\/\/www.moonmentum.com\/blog\/wp-content\/uploads\/2009\/10\/planck-en-1929.jpg\" alt=\"Planck en 1929\" width=\"150\" height=\"221\" src=\"data:image\/gif;base64,R0lGODlhAQABAAAAACH5BAEKAAEALAAAAAABAAEAAAICTAEAOw==\" style=\"--smush-placeholder-width: 150px; --smush-placeholder-aspect-ratio: 150\/221;\" \/><noscript><img loading=\"lazy\" decoding=\"async\" class=\"size-full wp-image-9317\" title=\"Planck \" src=\"http:\/\/www.moonmentum.com\/blog\/wp-content\/uploads\/2009\/10\/planck-en-1929.jpg\" alt=\"Planck en 1929\" width=\"150\" height=\"221\" \/><\/noscript><\/a><figcaption id=\"caption-attachment-9317\" class=\"wp-caption-text\">Planck en 1929<\/figcaption><\/figure>\n<p style=\"text-align: justify;\"><strong>En un d\u00eda como hoy muere Max Planck, f\u00edsico alem\u00e1n, premio Nobel de F\u00edsica en 1918, considerado como el inventor de la teor\u00eda cu\u00e1ntica.<!--more--><\/strong><\/p>\n<p style=\"text-align: justify;\">A los 16 a\u00f1os obtuvo su <em>Schulabschluss<\/em> o graduaci\u00f3n. Como mostraba talento para la m\u00fasica (tocaba el \u00f3rgano el piano y el cello), la filolog\u00eda cl\u00e1sica y las ciencias, dud\u00f3 a la hora de elegir su orientaci\u00f3n acad\u00e9mica. Al consultar al profesor de f\u00edsica Philipp von Jolly \u00e9ste respondi\u00f3 que en f\u00edsica lo esencial estaba ya descubierto, y que quedaban pocos huecos por rellenar, concepci\u00f3n que compart\u00edan muchos otros f\u00edsicos de su tiempo. Planck, que repuso a su profesor que no ten\u00eda inter\u00e9s en descubrir nuevos mundos sino en comprender los fundamentos de la f\u00edsica, finalmente se decidi\u00f3 por esta materia.<\/p>\n<p style=\"text-align: justify;\">Aunque en un principio fue ignorado por la comunidad cient\u00edfica, profundiz\u00f3 en el estudio de la teor\u00eda del calor y descubri\u00f3, uno tras otro, los mismos principios que ya hab\u00eda enunciado Josiah Willard Gibbs (sin conocerlos previamente, pues no hab\u00edan sido divulgados). Las ideas de Clausius sobre la entrop\u00eda ocuparon un espacio central en sus pensamientos.<\/p>\n<p style=\"text-align: justify;\">En 1900, descubri\u00f3 una constante fundamental, la denominada Constante de Planck, usada para calcular la energ\u00eda de un fot\u00f3n. Planck establece que la energ\u00eda se radia en unidades peque\u00f1as denominadas cuantos. La ley de Planck relaciona que la energ\u00eda de cada cuanto es igual a la frecuencia de la radiaci\u00f3n multiplicada por la Constante de Planck. Un a\u00f1o despu\u00e9s descubri\u00f3 la ley de radiaci\u00f3n del calor, denominada Ley de Planck, que explica el espectro de emisi\u00f3n de un cuerpo negro. Esta ley se convirti\u00f3 en una de las bases de la teor\u00eda cu\u00e1ntica, que emergi\u00f3 unos a\u00f1os m\u00e1s tarde con la colaboraci\u00f3n de Albert Einstein y Niels Bohr.<\/p>\n<p style=\"text-align: justify;\"><a title=\"Max Planck\" href=\"http:\/\/es.wikipedia.org\/wiki\/Max_Planck\" target=\"_blank\">Max Planck<\/a><\/p>\n","protected":false},"excerpt":{"rendered":"<p>En un d\u00eda como hoy muere Max Planck, f\u00edsico alem\u00e1n, premio Nobel de F\u00edsica en 1918, considerado como el inventor de la teor\u00eda cu\u00e1ntica.<\/p>\n","protected":false},"author":3,"featured_media":9317,"comment_status":"open","ping_status":"closed","sticky":false,"template":"","format":"standard","meta":{"footnotes":""},"categories":[12],"tags":[367],"class_list":{"0":"post-9299","1":"post","2":"type-post","3":"status-publish","4":"format-standard","5":"has-post-thumbnail","7":"category-semilla-de-la-semana","8":"tag-max-planck"},"_links":{"self":[{"href":"https:\/\/moonmentum.com\/blog\/wp-json\/wp\/v2\/posts\/9299","targetHints":{"allow":["GET"]}}],"collection":[{"href":"https:\/\/moonmentum.com\/blog\/wp-json\/wp\/v2\/posts"}],"about":[{"href":"https:\/\/moonmentum.com\/blog\/wp-json\/wp\/v2\/types\/post"}],"author":[{"embeddable":true,"href":"https:\/\/moonmentum.com\/blog\/wp-json\/wp\/v2\/users\/3"}],"replies":[{"embeddable":true,"href":"https:\/\/moonmentum.com\/blog\/wp-json\/wp\/v2\/comments?post=9299"}],"version-history":[{"count":0,"href":"https:\/\/moonmentum.com\/blog\/wp-json\/wp\/v2\/posts\/9299\/revisions"}],"wp:featuredmedia":[{"embeddable":true,"href":"https:\/\/moonmentum.com\/blog\/wp-json\/wp\/v2\/media\/9317"}],"wp:attachment":[{"href":"https:\/\/moonmentum.com\/blog\/wp-json\/wp\/v2\/media?parent=9299"}],"wp:term":[{"taxonomy":"category","embeddable":true,"href":"https:\/\/moonmentum.com\/blog\/wp-json\/wp\/v2\/categories?post=9299"},{"taxonomy":"post_tag","embeddable":true,"href":"https:\/\/moonmentum.com\/blog\/wp-json\/wp\/v2\/tags?post=9299"}],"curies":[{"name":"wp","href":"https:\/\/api.w.org\/{rel}","templated":true}]}}