{"id":9332,"date":"2009-10-05T00:08:27","date_gmt":"2009-10-05T04:38:27","guid":{"rendered":"http:\/\/www.elpulsodeltiempo.com\/timepulse\/?p=9332"},"modified":"2013-06-03T16:01:46","modified_gmt":"2013-06-03T20:31:46","slug":"efemerides-del-05-de-octubre","status":"publish","type":"post","link":"https:\/\/moonmentum.com\/blog\/efemerides\/en-un-dia-como-hoy\/efemerides-del-05-de-octubre\/","title":{"rendered":"Efem\u00e9rides del 05 de Octubre"},"content":{"rendered":"<p style=\"text-align: center;\"><strong>Luz Naranja en el Universo <img loading=\"lazy\" decoding=\"async\" title=\"LuzNaranja\" data-src=\"http:\/\/www.moonmentum.com\/blog\/wp-includes\/images\/Simbolos_Astrologicos\/58.png\" alt=\"LuzNaranja\" width=\"16\" height=\"16\" src=\"data:image\/gif;base64,R0lGODlhAQABAAAAACH5BAEKAAEALAAAAAABAAEAAAICTAEAOw==\" class=\"lazyload\" style=\"--smush-placeholder-width: 16px; --smush-placeholder-aspect-ratio: 16\/16;\" \/><noscript><img loading=\"lazy\" decoding=\"async\" title=\"LuzNaranja\" src=\"http:\/\/www.moonmentum.com\/blog\/wp-includes\/images\/Simbolos_Astrologicos\/58.png\" alt=\"LuzNaranja\" width=\"16\" height=\"16\" \/><\/noscript><br \/>\n<\/strong><strong>\u201cReflexi\u00f3n\u201d <\/strong><\/p>\n<p style=\"text-align: center;\">Es dif\u00edcil decir que es imposible, porque el sue\u00f1o de ayer es la esperanza de hoy<br \/>\ny la realidad de ma\u00f1ana.<\/p>\n<div><span> <\/span><span style=\"font-size: small;\"><strong> <\/strong><strong> <\/strong><\/span><\/div>\n<figure id=\"attachment_9337\" aria-describedby=\"caption-attachment-9337\" style=\"width: 150px\" class=\"wp-caption aligncenter\"><a href=\"http:\/\/www.moonmentum.com\/blog\/wp-content\/uploads\/2009\/10\/robert-hutchings-goddard-2.jpg\"><sup><img loading=\"lazy\" decoding=\"async\" class=\"size-full wp-image-9337 lazyload\" title=\"Robert Hutchings Goddard 2\" data-src=\"http:\/\/www.moonmentum.com\/blog\/wp-content\/uploads\/2009\/10\/robert-hutchings-goddard-2.jpg\" alt=\"Robert Hutchings Goddard\" width=\"150\" height=\"200\" src=\"data:image\/gif;base64,R0lGODlhAQABAAAAACH5BAEKAAEALAAAAAABAAEAAAICTAEAOw==\" style=\"--smush-placeholder-width: 150px; --smush-placeholder-aspect-ratio: 150\/200;\" \/><noscript><img loading=\"lazy\" decoding=\"async\" class=\"size-full wp-image-9337\" title=\"Robert Hutchings Goddard 2\" src=\"http:\/\/www.moonmentum.com\/blog\/wp-content\/uploads\/2009\/10\/robert-hutchings-goddard-2.jpg\" alt=\"Robert Hutchings Goddard\" width=\"150\" height=\"200\" \/><\/noscript><\/sup><\/a><figcaption id=\"caption-attachment-9337\" class=\"wp-caption-text\">Robert Hutchings Goddard<\/figcaption><\/figure>\n<p><span style=\"font-size: small;\"><strong>Efem\u00e9rides: <\/strong><\/span><\/p>\n<p style=\"text-align: justify;\"><strong>Octubre<\/strong> es el d\u00e9cimo mes del a\u00f1o en el Calendario Gregoriano y tiene 31 d\u00edas. Su nombre deriva de haber sido el octavo mes del calendario romano.<img decoding=\"async\" title=\"(m\u00e1s...)\" data-src=\"http:\/\/www.moonmentum.com\/blog\/wp-includes\/js\/tinymce\/plugins\/wordpress\/img\/trans.gif\" alt=\"\" src=\"data:image\/gif;base64,R0lGODlhAQABAAAAACH5BAEKAAEALAAAAAABAAEAAAICTAEAOw==\" class=\"lazyload\" \/><noscript><img decoding=\"async\" title=\"(m\u00e1s...)\" data-src=\"http:\/\/www.moonmentum.com\/blog\/wp-includes\/js\/tinymce\/plugins\/wordpress\/img\/trans.gif\" alt=\"\" src=\"data:image\/gif;base64,R0lGODlhAQABAAAAACH5BAEKAAEALAAAAAABAAEAAAICTAEAOw==\" class=\"lazyload\" \/><noscript><img decoding=\"async\" title=\"(m\u00e1s...)\" data-src=\"http:\/\/www.moonmentum.com\/blog\/wp-includes\/js\/tinymce\/plugins\/wordpress\/img\/trans.gif\" alt=\"\" src=\"data:image\/gif;base64,R0lGODlhAQABAAAAACH5BAEKAAEALAAAAAABAAEAAAICTAEAOw==\" class=\"lazyload\" \/><noscript><img decoding=\"async\" title=\"(m\u00e1s...)\" src=\"http:\/\/www.moonmentum.com\/blog\/wp-includes\/js\/tinymce\/plugins\/wordpress\/img\/trans.gif\" alt=\"\" \/><\/noscript><\/noscript><\/noscript><img decoding=\"async\" title=\"(m\u00e1s...)\" data-src=\"http:\/\/www.moonmentum.com\/blog\/wp-includes\/js\/tinymce\/plugins\/wordpress\/img\/trans.gif\" alt=\"\" src=\"data:image\/gif;base64,R0lGODlhAQABAAAAACH5BAEKAAEALAAAAAABAAEAAAICTAEAOw==\" class=\"lazyload\" \/><noscript><img decoding=\"async\" title=\"(m\u00e1s...)\" data-src=\"http:\/\/www.moonmentum.com\/blog\/wp-includes\/js\/tinymce\/plugins\/wordpress\/img\/trans.gif\" alt=\"\" src=\"data:image\/gif;base64,R0lGODlhAQABAAAAACH5BAEKAAEALAAAAAABAAEAAAICTAEAOw==\" class=\"lazyload\" \/><noscript><img decoding=\"async\" title=\"(m\u00e1s...)\" data-src=\"http:\/\/www.moonmentum.com\/blog\/wp-includes\/js\/tinymce\/plugins\/wordpress\/img\/trans.gif\" alt=\"\" src=\"data:image\/gif;base64,R0lGODlhAQABAAAAACH5BAEKAAEALAAAAAABAAEAAAICTAEAOw==\" class=\"lazyload\" \/><noscript><img decoding=\"async\" title=\"(m\u00e1s...)\" src=\"http:\/\/www.moonmentum.com\/blog\/wp-includes\/js\/tinymce\/plugins\/wordpress\/img\/trans.gif\" alt=\"\" \/><\/noscript><\/noscript><\/noscript><!--more--><\/p>\n<p style=\"text-align: justify;\">A lo largo de los \u00faltimos 6,000 a\u00f1os, numerosas culturas han dise\u00f1ado diferentes calendarios. Algunos est\u00e1n basados en los movimientos de la Luna, otros en el Sol y otros en ceremonias ligadas a acontecimientos importantes. <img decoding=\"async\" title=\"(m\u00e1s...)\" data-src=\"http:\/\/www.moonmentum.com\/blog\/wp-includes\/js\/tinymce\/plugins\/wordpress\/img\/trans.gif\" alt=\"\" src=\"data:image\/gif;base64,R0lGODlhAQABAAAAACH5BAEKAAEALAAAAAABAAEAAAICTAEAOw==\" class=\"lazyload\" \/><noscript><img decoding=\"async\" title=\"(m\u00e1s...)\" data-src=\"http:\/\/www.moonmentum.com\/blog\/wp-includes\/js\/tinymce\/plugins\/wordpress\/img\/trans.gif\" alt=\"\" src=\"data:image\/gif;base64,R0lGODlhAQABAAAAACH5BAEKAAEALAAAAAABAAEAAAICTAEAOw==\" class=\"lazyload\" \/><noscript><img decoding=\"async\" title=\"(m\u00e1s...)\" data-src=\"http:\/\/www.moonmentum.com\/blog\/wp-includes\/js\/tinymce\/plugins\/wordpress\/img\/trans.gif\" alt=\"\" src=\"data:image\/gif;base64,R0lGODlhAQABAAAAACH5BAEKAAEALAAAAAABAAEAAAICTAEAOw==\" class=\"lazyload\" \/><noscript><img decoding=\"async\" title=\"(m\u00e1s...)\" src=\"http:\/\/www.moonmentum.com\/blog\/wp-includes\/js\/tinymce\/plugins\/wordpress\/img\/trans.gif\" alt=\"\" \/><\/noscript><\/noscript><\/noscript><strong>Hoy es el primer d\u00eda de octubre, palabra que significa \u00aboctavo mes.\u00bb<\/strong> Es un resto del primitivo calendario romano, cuando el a\u00f1o empezaba en marzo y octubre realmente era el octavo mes. Todos los calendarios tienen una cosa en com\u00fan: se reinician a intervalos espec\u00edficos, al final del a\u00f1o, por ejemplo. Ello pone orden en la vida diaria, pero puede ser molesto para los astr\u00f3nomos.<\/p>\n<p style=\"text-align: justify;\">Hace varios siglos, cuando hab\u00eda muchos m\u00e1s calendarios en uso, era un problema especialmente serio. Por eso, en 1582, Joseph Justus Scaliger dise\u00f1\u00f3 un sistema s\u00f3lo para los astr\u00f3nomos. Se llama el sistema del D\u00eda Juliano en honor al padre de Scaliger, Julio, y numera los d\u00edas de manera secuencial, sin atender a cambio de meses ni de a\u00f1os. Un d\u00eda juliano empieza al mediod\u00eda del Tiempo Universal -la hora en los cero grados de longitud. Scaliger eligi\u00f3 el mediod\u00eda para que los astr\u00f3nomos de Europa no tuvieran que cambiar de fecha en medio de una noche de observaci\u00f3n.<\/p>\n<p style=\"text-align: justify;\"><strong>El 5 de octubre<\/strong> es el 278\u00ba d\u00eda del a\u00f1o del calendario gregoriano y n\u00famero 279 en los a\u00f1os bisiestos. Quedan 87 d\u00edas para finalizar el a\u00f1o.<\/p>\n<p style=\"text-align: justify;\"><strong><span style=\"font-size: small;\">Acontecimientos<\/span>:<\/strong><\/p>\n<p style=\"text-align: justify;\"><strong>1910<\/strong> &#8211; Portugal: tras el triunfo de la revoluci\u00f3n que derroca al rey Manuel II se establece la rep\u00fablica.<br \/>\n<strong>1913<\/strong> &#8211; Roland Garros realiza el primer vuelo sobre el Mediterr\u00e1neo uniendo Niza y Bizerta, T\u00fanez.<br \/>\n<strong>1914<\/strong> &#8211; El Sargento franc\u00e9s Frantz y su mec\u00e1nico Quenault logran el primer derribo a\u00e9reo de la historia.<br \/>\n<strong>1983<\/strong> &#8211; Es descubierto el Asteroide 9007 James Bond.<br \/>\n<strong>1988<\/strong> &#8211; Augusto Pinochet es derrotado por un 55,99% en un plebiscito celebrado en Chile. Comienza el fin del Dictadura Militar, iniciada el 11 de septiembre de 1973.<\/p>\n<p style=\"text-align: justify;\"><strong><span style=\"font-size: small;\">Nacimientos<\/span>:<\/strong><\/p>\n<p style=\"text-align: justify;\"><strong>1319<\/strong> &#8211; Pedro IV de Arag\u00f3n, rey de Arag\u00f3n.<br \/>\n<strong>1658<\/strong> &#8211; Mar\u00eda de M\u00f3dena, reina consorte de Inglaterra y Escocia.<br \/>\n<strong>1703<\/strong> &#8211; Jonathan Edwards, te\u00f3logo y misionero estadounidense. Es conocido como uno de los m\u00e1s grandes y profundos te\u00f3logos evang\u00e9licos en la historia de los Estados Unidos.<br \/>\n<strong>1713<\/strong> &#8211; Denis Diderot, escritor franc\u00e9s, impulsor de la Enciclopedia.<br \/>\n<strong>1829<\/strong> &#8211; Chester Alan Arthur, 21\u00b0 Presidente de los Estados Unidos.<br \/>\n<strong>1864<\/strong> &#8211; Louis Lumi\u00e8re, inventor franc\u00e9s, creador del cinemat\u00f3grafo.<br \/>\n<strong>1882<\/strong><strong> &#8211; <\/strong>Robert Hutchings Goddard, inventor estadounidense.<br \/>\n<strong>1887<\/strong> &#8211; Ren\u00e9 Cassin, juez frances, Premio Nobel de la Paz en 1968.<br \/>\n<strong>1889<\/strong> &#8211; Teresa de la Parra, escritora venezolana nacida en Francia. Su novela Ifigenia marc\u00f3 un cambio en la literatura venezolana.<\/p>\n<p style=\"text-align: justify;\"><strong><span style=\"font-size: small;\">Fallecimientos<\/span>:<\/strong><\/p>\n<p style=\"text-align: justify;\"><strong>1214<\/strong> &#8211; Alfonso VIII de Castilla, rey de Castilla.<br \/>\n<strong>1285 &#8211;<\/strong> Felipe III, rey de Francia.<br \/>\n<strong>1837<\/strong> &#8211; Hortensia de Beauharnais, reina de Holanda y madre de Napole\u00f3n III.<br \/>\n<strong>1976<\/strong> &#8211; Lars Onsager, qu\u00edmico noruego, Premio Nobel de Qu\u00edmica en 1968. por su trabajo en termodin\u00e1mica.<br \/>\n<strong>1983<\/strong> &#8211; Earl Tupper, inventor estadounidense, fundador de la compa\u00f1\u00eda Tupperware.<br \/>\n<strong>2004<\/strong> &#8211; Maurice Wilkins, f\u00edsico neozeland\u00e9s, codescubridor de la estructura del ADN. Premio Nobel de Fisiolog\u00eda o Medicina en 1962.<\/p>\n<p><span style=\"font-size: small;\"><strong>Fiestas:<\/strong><strong> <\/strong><\/span><\/p>\n<p style=\"text-align: justify;\"><a href=\"http:\/\/platea.pntic.mec.es\/~jsanch14\/dias.htm#0510\" target=\"_blank\">D\u00eda Mundial de los Profesores<\/a><\/p>\n<p style=\"text-align: justify;\">El 5 de octubre fue el d\u00eda elegido por la Internacional de la Educaci\u00f3n y la UNESCO para reconocer la labor que diariamente llevan a cabo maestros y maestras de todo el mundo. Desde 1993 se celebra este d\u00eda sin olvidar llamar la atenci\u00f3n sobre el grave deterioro de las condiciones de trabajo de muchos docentes. Los conflictos armados, la violencia en las aulas, la inseguridad econ\u00f3mica, los limitados recursos humanos y materiales entre otros, hacen que cada d\u00eda sea m\u00e1s dif\u00edcil llevar a cabo una labor central en la construcci\u00f3n de nuestra sociedad futura, la labor de educar.<\/p>\n<p style=\"text-align: justify;\">A trav\u00e9s de su trabajo los docentes forman a ciudadanos y ciudadanas responsables que dise\u00f1ar\u00e1n y guiar\u00e1n nuestra sociedad en el futuro. Para ello, no basta con asegurar un acceso universal a la educaci\u00f3n, sino que adem\u00e1s, la educaci\u00f3n debe ser de calidad. Es necesaria una educaci\u00f3n liberadora que parta de la experiencia de los alumnos y alumnas y valore sus capacidades. As\u00ed, podremos construir conocimientos convirti\u00e9ndonos en personas con conciencia cr\u00edtica, capaces de observar y analizar la realidad para despu\u00e9s actuar sobre ella de forma transformadora.Esto es lo que propusieron y defendieron entre otros la italiana <strong>Mar\u00eda Montessori<\/strong> y el brasile\u00f1o <strong>Paulo Freire<\/strong>, cuyos pensamientos, m\u00e9todos y pr\u00e1cticas tanto han influenciado en nuestros maestros y maestras.<\/p>\n<p style=\"text-align: justify;\"><strong>Paulo Freire<\/strong> (Brasil, 1921-1997) Toda su vida estuvo dedicada a la educaci\u00f3n. Fue un gran defensor de la escuela p\u00fablica y de calidad para todos y todas, una escuela democr\u00e1tica centrada en el alumno y la alumna. Para \u00e9l, tanto el alumnado como el profesorado tienen mucho que aportar, transmitir y ense\u00f1ar en las aulas de las escuelas. Su escuela ideal era aquella que formara a personas con conciencia cr\u00edtica que pudieran llevar a cabo transformaciones sociales. Entend\u00eda la educaci\u00f3n como un proceso que lleva al cambio, un cambio hacia una sociedad m\u00e1s justa, igualitaria, solidaria y tolerante.<\/p>\n<p style=\"text-align: justify;\"><strong>Mar\u00eda Montessori<\/strong> (Italia, 1870-Holanda, 1952) \u00a0Fue la primer mujer m\u00e9dico en Italia y estuvo nominada en varias ocasiones al Premio Nobel por su labor como pedagoga. Dise\u00f1\u00f3 un m\u00e9todo y un material did\u00e1ctico fundamental para la formaci\u00f3n preescolar que seguramente muchos de nosotros y nosotras hayamos utilizado durante nuestros primeros a\u00f1os de escuela. Es lo que conocemos por el m\u00e9todo montessoriano que permite a los ni\u00f1os y ni\u00f1as aprender a leer, escribir, contar y sumar por s\u00ed mismos sin ayuda de personas adultas. Este m\u00e9todo se basa en la gran capacidad de los ni\u00f1os y ni\u00f1as para absorber conocimiento de sus alrededores, y en su gran inter\u00e9s por materiales que se puedan manipular. Mar\u00eda Montessori observ\u00f3 que los ni\u00f1os y ni\u00f1as hac\u00edan &#8216;naturalmente&#8217;, es decir, por s\u00ed mismos, sin ayuda de los adultos.<\/p>\n<p style=\"text-align: justify;\"><strong>Mar\u00eda Montessori y Paulo Freire<\/strong> son dos personas que han visto reconocida a nivel mundial su labor educativa. Con la celebraci\u00f3n del D\u00eda Internacional de las y los docentes, las Naciones Unidas pretenden ampliar este reconocimiento a tantas y tantos maestros an\u00f3nimos que realizan esfuerzos incansables a fin de preparar para el futuro a los ni\u00f1os, ni\u00f1as y j\u00f3venes del presente. Seguro que conoc\u00e9is a m\u00e1s de uno.<\/p>\n","protected":false},"excerpt":{"rendered":"<p>Luz Naranja en el Universo \u201cReflexi\u00f3n\u201d Es dif\u00edcil decir que es imposible, porque el sue\u00f1o de ayer es la esperanza de hoy y la realidad de ma\u00f1ana. Efem\u00e9rides: Octubre es el d\u00e9cimo mes del a\u00f1o en el Calendario Gregoriano y tiene 31 d\u00edas. Su nombre deriva de haber sido el octavo mes del calendario romano.<\/p>\n","protected":false},"author":3,"featured_media":9336,"comment_status":"open","ping_status":"closed","sticky":false,"template":"","format":"standard","meta":{"footnotes":""},"categories":[13],"tags":[],"class_list":{"0":"post-9332","1":"post","2":"type-post","3":"status-publish","4":"format-standard","5":"has-post-thumbnail","7":"category-en-un-dia-como-hoy"},"_links":{"self":[{"href":"https:\/\/moonmentum.com\/blog\/wp-json\/wp\/v2\/posts\/9332","targetHints":{"allow":["GET"]}}],"collection":[{"href":"https:\/\/moonmentum.com\/blog\/wp-json\/wp\/v2\/posts"}],"about":[{"href":"https:\/\/moonmentum.com\/blog\/wp-json\/wp\/v2\/types\/post"}],"author":[{"embeddable":true,"href":"https:\/\/moonmentum.com\/blog\/wp-json\/wp\/v2\/users\/3"}],"replies":[{"embeddable":true,"href":"https:\/\/moonmentum.com\/blog\/wp-json\/wp\/v2\/comments?post=9332"}],"version-history":[{"count":0,"href":"https:\/\/moonmentum.com\/blog\/wp-json\/wp\/v2\/posts\/9332\/revisions"}],"wp:featuredmedia":[{"embeddable":true,"href":"https:\/\/moonmentum.com\/blog\/wp-json\/wp\/v2\/media\/9336"}],"wp:attachment":[{"href":"https:\/\/moonmentum.com\/blog\/wp-json\/wp\/v2\/media?parent=9332"}],"wp:term":[{"taxonomy":"category","embeddable":true,"href":"https:\/\/moonmentum.com\/blog\/wp-json\/wp\/v2\/categories?post=9332"},{"taxonomy":"post_tag","embeddable":true,"href":"https:\/\/moonmentum.com\/blog\/wp-json\/wp\/v2\/tags?post=9332"}],"curies":[{"name":"wp","href":"https:\/\/api.w.org\/{rel}","templated":true}]}}