{"id":9378,"date":"2009-10-06T00:07:28","date_gmt":"2009-10-06T04:37:28","guid":{"rendered":"http:\/\/www.elpulsodeltiempo.com\/timepulse\/?p=9378"},"modified":"2011-02-02T16:58:25","modified_gmt":"2011-02-02T21:28:25","slug":"sabia-usted-del-06-de-octubre","status":"publish","type":"post","link":"https:\/\/moonmentum.com\/blog\/efemerides\/semilla-de-la-semana\/sabia-usted-del-06-de-octubre\/","title":{"rendered":"\u00bfSab\u00eda Usted? del 06 de Octubre"},"content":{"rendered":"<div class=\"mceTemp mceIEcenter\">\n<figure id=\"attachment_9400\" aria-describedby=\"caption-attachment-9400\" style=\"width: 149px\" class=\"wp-caption aligncenter\"><a href=\"http:\/\/www.moonmentum.com\/blog\/wp-content\/uploads\/2009\/10\/le-corbusier4jpg.jpg\"><img loading=\"lazy\" decoding=\"async\" class=\"size-full wp-image-9400 lazyload\" title=\"Le Corbusier4jpg\" data-src=\"http:\/\/www.moonmentum.com\/blog\/wp-content\/uploads\/2009\/10\/le-corbusier4jpg.jpg\" alt=\"Le Corbusier\" width=\"149\" height=\"141\" src=\"data:image\/gif;base64,R0lGODlhAQABAAAAACH5BAEKAAEALAAAAAABAAEAAAICTAEAOw==\" style=\"--smush-placeholder-width: 149px; --smush-placeholder-aspect-ratio: 149\/141;\" \/><noscript><img loading=\"lazy\" decoding=\"async\" class=\"size-full wp-image-9400\" title=\"Le Corbusier4jpg\" src=\"http:\/\/www.moonmentum.com\/blog\/wp-content\/uploads\/2009\/10\/le-corbusier4jpg.jpg\" alt=\"Le Corbusier\" width=\"149\" height=\"141\" \/><\/noscript><\/a><figcaption id=\"caption-attachment-9400\" class=\"wp-caption-text\">Le Corbusier<\/figcaption><\/figure>\n<\/div>\n<p style=\"text-align: justify;\"><strong>En un d\u00eda como hoy nace Charles E. Jeanneret conocido como\u00a0Le Corbusier, arquitecto y pintor suizo-franc\u00e9s.<\/strong> <!--more-->Uno de los arquitectos que mayor influencia han tenido en el siglo XX y en general, en toda la Historia de la arquitectura. Fu\u00e9 un te\u00f3rico de la arquitectura, dise\u00f1ador y pintor suizo nacionalizado franc\u00e9s. Es considerado uno de los m\u00e1s claros exponentes del Movimiento Moderno en la arquitectura (junto con Frank Lloyd Wright, Walter Gropius, Alvar Aalto y Ludwig Mies van der Rohe).<\/p>\n<p style=\"text-align: justify;\">En un ciclo de diez conferencias que dict\u00f3 en Buenos Aires, dej\u00f3 bien clara su percepci\u00f3n de urbanista al expresar: \u00ab<em>Buenos Aires es una ciudad que le da la espalda a su r\u00edo<\/em>\u00bb, aludiendo con esto a algo de lo que a\u00fan adolece tal ciudad: pese a tener una extendida costa frente al gran estuario del R\u00edo de La Plata se ha privilegiado ediliciamente un \u00e1rea que no permite la vista a tal estuario, m\u00e1s a\u00fan el acceso al mismo se halla obstaculizado por instalaciones de antiguos puertos, un aeropuerto, tramos ferroviarios a nivel y autopistas.<\/p>\n<p style=\"text-align: justify;\">La \u00fanica obra de Le Corbusier en la Argentina es la Casa Curutchet, una vivienda unifamiliar construida en la ciudad de La Plata, capital de la Provincia de Buenos Aires, entre los a\u00f1os 1949 y 1953.<\/p>\n<div class=\"mceTemp mceIEcenter\">\n<dt class=\"wp-caption-dt\" style=\"text-align: center;\"><a href=\"http:\/\/www.moonmentum.com\/blog\/wp-content\/uploads\/2009\/10\/casa-curutchet.jpg\"><img loading=\"lazy\" decoding=\"async\" class=\"size-full wp-image-9380 aligncenter lazyload\" style=\"--smush-placeholder-width: 150px; --smush-placeholder-aspect-ratio: 150\/223;border: 0px;\" title=\"Casa Curutchet\" data-src=\"http:\/\/www.moonmentum.com\/blog\/wp-content\/uploads\/2009\/10\/casa-curutchet.jpg\" alt=\"Casa Curutchet, \u00fanica obra de Le Corbusier en Am\u00e9rica Latina\" width=\"150\" height=\"223\" src=\"data:image\/gif;base64,R0lGODlhAQABAAAAACH5BAEKAAEALAAAAAABAAEAAAICTAEAOw==\" \/><noscript><img loading=\"lazy\" decoding=\"async\" class=\"size-full wp-image-9380 aligncenter\" style=\"border: 0px;\" title=\"Casa Curutchet\" src=\"http:\/\/www.moonmentum.com\/blog\/wp-content\/uploads\/2009\/10\/casa-curutchet.jpg\" alt=\"Casa Curutchet, \u00fanica obra de Le Corbusier en Am\u00e9rica Latina\" width=\"150\" height=\"223\" \/><\/noscript><\/a><\/dt>\n<dd class=\"wp-caption-dd\" style=\"text-align: center;\"><span style=\"font-size: xx-small;\"><span style=\"color: #888888;\">Casa Curutchet, \u00fanica obra de Le Corbusier en Am\u00e9rica Latina<\/span><\/span><\/dd>\n<\/div>\n<p style=\"text-align: justify;\">Su arquitectura resulta ser altamente racionalista, depurada ( con el uso de materiales sin disimularlos; nota la posible belleza de las l\u00edneas depuradas, sin adornos, sin elementos superfluos) y con un excelente aprovechamiento de la luz y las perspectivas de conjunto, dando una sensaci\u00f3n de libertad (al menos para el desplazamiento de la mirada) y facilidad de movimientos. Le Corbusier se hizo famoso como uno de los l\u00edderes del llamado estilo internacional, junto a Ludwig Mies van der Rohe, Walter Gropius y otros. Fue un arquitecto muy admirado en su \u00e9poca e influy\u00f3 a varias generaciones de arquitectos.<\/p>\n<p style=\"text-align: justify;\">Hoy en d\u00eda la obra y el pensamiento de Le Corbusier siguen vigentes, tanto en la pr\u00e1ctica como en la ense\u00f1anza y en la teor\u00eda de la arquitectura. Como una de las figuras clave de la arquitectura moderna, la continuaci\u00f3n del movimiento tiene en \u00e9l y en sus obras un referente directo. Como uno de los precursores del brutalismo, sus trabajos posteriores han servido de base a corrientes arquitect\u00f3nicas apoyadas en la tect\u00f3nica (expresi\u00f3n de los materiales y sistemas constructivos) y en diferentes enfoques regionalistas.<\/p>\n<p style=\"text-align: justify;\"><a title=\"Le Corbusier\" href=\"http:\/\/es.wikipedia.org\/wiki\/Le_Corbusier\">Le Corbusier<\/a><\/p>\n","protected":false},"excerpt":{"rendered":"<p>En un d\u00eda como hoy nace Charles E. Jeanneret conocido como\u00a0Le Corbusier, arquitecto y pintor suizo-franc\u00e9s.<\/p>\n","protected":false},"author":3,"featured_media":9379,"comment_status":"open","ping_status":"closed","sticky":false,"template":"","format":"standard","meta":{"footnotes":""},"categories":[12],"tags":[],"class_list":{"0":"post-9378","1":"post","2":"type-post","3":"status-publish","4":"format-standard","5":"has-post-thumbnail","7":"category-semilla-de-la-semana"},"_links":{"self":[{"href":"https:\/\/moonmentum.com\/blog\/wp-json\/wp\/v2\/posts\/9378","targetHints":{"allow":["GET"]}}],"collection":[{"href":"https:\/\/moonmentum.com\/blog\/wp-json\/wp\/v2\/posts"}],"about":[{"href":"https:\/\/moonmentum.com\/blog\/wp-json\/wp\/v2\/types\/post"}],"author":[{"embeddable":true,"href":"https:\/\/moonmentum.com\/blog\/wp-json\/wp\/v2\/users\/3"}],"replies":[{"embeddable":true,"href":"https:\/\/moonmentum.com\/blog\/wp-json\/wp\/v2\/comments?post=9378"}],"version-history":[{"count":0,"href":"https:\/\/moonmentum.com\/blog\/wp-json\/wp\/v2\/posts\/9378\/revisions"}],"wp:featuredmedia":[{"embeddable":true,"href":"https:\/\/moonmentum.com\/blog\/wp-json\/wp\/v2\/media\/9379"}],"wp:attachment":[{"href":"https:\/\/moonmentum.com\/blog\/wp-json\/wp\/v2\/media?parent=9378"}],"wp:term":[{"taxonomy":"category","embeddable":true,"href":"https:\/\/moonmentum.com\/blog\/wp-json\/wp\/v2\/categories?post=9378"},{"taxonomy":"post_tag","embeddable":true,"href":"https:\/\/moonmentum.com\/blog\/wp-json\/wp\/v2\/tags?post=9378"}],"curies":[{"name":"wp","href":"https:\/\/api.w.org\/{rel}","templated":true}]}}