{"id":99380,"date":"2012-06-16T00:06:06","date_gmt":"2012-06-16T04:36:06","guid":{"rendered":"http:\/\/www.moonmentum.com\/blog\/?p=99380"},"modified":"2012-06-14T16:32:20","modified_gmt":"2012-06-14T21:02:20","slug":"el-bloomsday-una-cita-con-leopold-bloom","status":"publish","type":"post","link":"https:\/\/moonmentum.com\/blog\/efemerides\/semilla-de-la-semana\/el-bloomsday-una-cita-con-leopold-bloom\/","title":{"rendered":"El Bloomsday\u2026 una cita con Leopold Bloom"},"content":{"rendered":"<p><a rel=\"attachment wp-att-99446\" href=\"http:\/\/www.moonmentum.com\/blog\/efemerides\/semilla-del-dia\/el-bloomsday%e2%80%a6-una-cita-con-leopold-bloom\/attachment\/bloomsday-2\/\"><img loading=\"lazy\" decoding=\"async\" class=\"alignleft size-medium wp-image-99446 lazyload\" style=\"--smush-placeholder-width: 250px; --smush-placeholder-aspect-ratio: 250\/182;float: left; margin: 6px; border: 0px;\" title=\"Bloomsday\" data-src=\"http:\/\/www.moonmentum.com\/blog\/wp-content\/uploads\/2012\/06\/Bloomsday-300x218.jpg\" alt=\"\" width=\"250\" height=\"182\" src=\"data:image\/gif;base64,R0lGODlhAQABAAAAACH5BAEKAAEALAAAAAABAAEAAAICTAEAOw==\" \/><noscript><img loading=\"lazy\" decoding=\"async\" class=\"alignleft size-medium wp-image-99446\" style=\"float: left; margin: 6px; border: 0px;\" title=\"Bloomsday\" src=\"http:\/\/www.moonmentum.com\/blog\/wp-content\/uploads\/2012\/06\/Bloomsday-300x218.jpg\" alt=\"\" width=\"250\" height=\"182\" \/><\/noscript><\/a>\u00abEl Pensamiento es una profec\u00eda que se auto-cumple\u00bb.<\/p>\n<p><em>Cada d\u00eda hay en el Universo una estela dejada por la acci\u00f3n de otros seres humanos que al igual que nosotros buscaban la excelencia. Hoy esa\u00a0 estela o\u00a0 \u201c<\/em><a href=\"http:\/\/www.moonmentum.com\/blog\/category\/sextante\/category\/sextante\/en-un-dia-como-hoy\/\" target=\"_blank\"><em>semilla del d\u00eda<\/em><\/a><em>\u201d fue sembrada por\u2026<\/em><\/p>\n<p>El Bloomsday es un evento anual que se celebra en honor a Leopold Bloom, personaje principal de la novela <em>Ulises<\/em> de James Joyce. Se celebra todos los d\u00edas 16 de junio desde 1954, creando una poderosa masa cr\u00edtica en el colectivo.<!--more--><\/p>\n<p>&nbsp;<\/p>\n<p>16 de junio + Irlanda = \u00abBloomsday\u00bb,.<\/p>\n<p><strong> <\/strong><\/p>\n<p>La fiesta se celebrar\u00e1 este s\u00e1bado en Irlanda y en 60 pa\u00edses m\u00e1s de todo el mundo, para que el ritual se cumpla por todo lo alto es necesario beber el vino favorito de Joyce: Fendant de Sion y merendar \u00ab\u00f3rganos interiores de bestias y aves de corral, bajados con cerveza espumosa\u00bb, como hac\u00eda Bloom\u2026 a todos los amantes de la obra de Joyce, el d\u00eda 16 tienen una cita.<\/p>\n<p>El 16 de junio es el d\u00eda en el que transcurre la acci\u00f3n -ficticia- del <em>Ulises<\/em>. Este d\u00eda los celebrantes procuran\u00a0 comer y cenar lo mismo que los protagonistas de la obra, o realizar distintos actos que tengan su paralelismo en la novela. Especialmente se realizan encuentros en Dubl\u00edn para seguir el itinerario exacto de la acci\u00f3n.<\/p>\n<p>La fiesta donde el protagonista es un libro: \u00abUlises\u00bb, la novela de James Joyce.<\/p>\n<p><em>Hay homenajes literarios similares como el D\u00eda de la toalla, en honor de Douglas Adams, o la marcha que en Madrid realizan algunos asociados del C\u00edrculo de Bellas Artes en honor a Valle-Incl\u00e1n, reproduciendo el recorrido de los personajes de Luces de Bohemia.<\/em><\/p>\n<p><sup><\/sup><span style=\"color: #888888;\"><strong><sup>Imagen: <\/sup><sup>innisfree1916.files.wordpress.com<\/sup><\/strong><\/span><\/p>\n","protected":false},"excerpt":{"rendered":"<p>\u00abEl Pensamiento es una profec\u00eda que se auto-cumple\u00bb. Cada d\u00eda hay en el Universo una estela dejada por la acci\u00f3n de otros seres humanos que al igual que nosotros buscaban la excelencia. Hoy esa\u00a0 estela o\u00a0 \u201csemilla del d\u00eda\u201d fue sembrada por\u2026 El Bloomsday es un evento anual que se celebra en honor a Leopold [&hellip;]<\/p>\n","protected":false},"author":3,"featured_media":99446,"comment_status":"open","ping_status":"closed","sticky":false,"template":"","format":"standard","meta":{"footnotes":""},"categories":[12],"tags":[5328,5325,13578],"class_list":{"0":"post-99380","1":"post","2":"type-post","3":"status-publish","4":"format-standard","5":"has-post-thumbnail","7":"category-semilla-de-la-semana","8":"tag-bloomsday","9":"tag-leopold-bloom","10":"tag-ulises-de-james-joyce"},"_links":{"self":[{"href":"https:\/\/moonmentum.com\/blog\/wp-json\/wp\/v2\/posts\/99380","targetHints":{"allow":["GET"]}}],"collection":[{"href":"https:\/\/moonmentum.com\/blog\/wp-json\/wp\/v2\/posts"}],"about":[{"href":"https:\/\/moonmentum.com\/blog\/wp-json\/wp\/v2\/types\/post"}],"author":[{"embeddable":true,"href":"https:\/\/moonmentum.com\/blog\/wp-json\/wp\/v2\/users\/3"}],"replies":[{"embeddable":true,"href":"https:\/\/moonmentum.com\/blog\/wp-json\/wp\/v2\/comments?post=99380"}],"version-history":[{"count":0,"href":"https:\/\/moonmentum.com\/blog\/wp-json\/wp\/v2\/posts\/99380\/revisions"}],"wp:featuredmedia":[{"embeddable":true,"href":"https:\/\/moonmentum.com\/blog\/wp-json\/wp\/v2\/media\/99446"}],"wp:attachment":[{"href":"https:\/\/moonmentum.com\/blog\/wp-json\/wp\/v2\/media?parent=99380"}],"wp:term":[{"taxonomy":"category","embeddable":true,"href":"https:\/\/moonmentum.com\/blog\/wp-json\/wp\/v2\/categories?post=99380"},{"taxonomy":"post_tag","embeddable":true,"href":"https:\/\/moonmentum.com\/blog\/wp-json\/wp\/v2\/tags?post=99380"}],"curies":[{"name":"wp","href":"https:\/\/api.w.org\/{rel}","templated":true}]}}